{"id":427,"date":"2026-03-11T19:15:34","date_gmt":"2026-03-11T18:15:34","guid":{"rendered":"https:\/\/jegyesvagyok.hu\/?p=427"},"modified":"2026-03-11T19:17:30","modified_gmt":"2026-03-11T18:17:30","slug":"jegyesoktatas-majusban-is-varunk","status":"publish","type":"post","link":"https:\/\/jegyesvagyok.hu\/index.php\/2026\/03\/11\/jegyesoktatas-majusban-is-varunk\/","title":{"rendered":"Jegyesoktat\u00e1s 2026 m\u00e1jusban is &#8211; V\u00e1runk!!"},"content":{"rendered":"\n<p>&#8222;JEGYESKURZUS \u2013 egy tanfolyam, mely seg\u00edt felk\u00e9sz\u00fclni a h\u00e1zass\u00e1gra \u00e9s a csal\u00e1di \u00e9letre<\/p>\n\n\n\n<p>T\u00e9m\u00e1k:<\/p>\n\n\n\n<p>\u2022 A h\u00e1zass\u00e1g lelkis\u00e9ge<\/p>\n\n\n\n<p>\u2022 A csal\u00e1d, ahonnan j\u00f6v\u00fcnk<\/p>\n\n\n\n<p>\u2022 Kapcsolati kommunik\u00e1ci\u00f3, konfliktuskezel\u00e9s<\/p>\n\n\n\n<p>\u2022 Intimit\u00e1s a h\u00e1zass\u00e1gban<\/p>\n\n\n\n<p>\u2022 F\u00e9rfi-n\u0151i k\u00fcl\u00f6nbs\u00e9gek, a h\u00e1zass\u00e1g buktat\u00f3i<\/p>\n\n\n\n<p>\u2022 Gyermeknevel\u00e9s \u2013 csal\u00e1di \u00e9let<\/p>\n\n\n\n<p><strong>Jegyeskurzus alkalmai&nbsp;<\/strong>2026. m\u00e1jus 29-30. \u00e9s j\u00fanius 5-6. napjain Veszpr\u00e9mben ker\u00fclnek megtart\u00e1sra.<\/p>\n\n\n\n<p>A r\u00e9szv\u00e9tel ingyenes!&nbsp;<\/p>\n\n\n\n<p>Jelentkezni&nbsp;<a href=\"https:\/\/docs.google.com\/forms\/d\/1WBdflMtOjkIECJiB0tvXZ9JQUxkX9rRFLocoePKVz7g\/edit\" target=\"_blank\" rel=\"noreferrer noopener\">ITT LEHET<\/a><\/p>\n\n\n\n<p>A jelentkez\u0151ket a r\u00e9szletekr\u0151l t\u00e1j\u00e9koztatjuk.<\/p>\n\n\n\n<p>VESZPR\u00c9MI \u00c9RSEKS\u00c9G CSAL\u00c1DPASZTOR\u00c1CI\u00d3S IROD\u00c1JA<\/p>\n\n\n\n<p>\u00c9rdekl\u0151dhetsz ezen a telefonsz\u00e1mon: +36 20 770 8820<\/p>\n","protected":false},"excerpt":{"rendered":"<p>&#8222;JEGYESKURZUS \u2013 egy tanfolyam, mely seg\u00edt felk\u00e9sz\u00fclni a h\u00e1zass\u00e1gra \u00e9s a csal\u00e1di \u00e9letre T\u00e9m\u00e1k: \u2022 A h\u00e1zass\u00e1g lelkis\u00e9ge \u2022 A csal\u00e1d, ahonnan j\u00f6v\u00fcnk \u2022 Kapcsolati kommunik\u00e1ci\u00f3, konfliktuskezel\u00e9s \u2022 Intimit\u00e1s a h\u00e1zass\u00e1gban \u2022 F\u00e9rfi-n\u0151i k\u00fcl\u00f6nbs\u00e9gek, a h\u00e1zass\u00e1g buktat\u00f3i \u2022 Gyermeknevel\u00e9s \u2013 csal\u00e1di \u00e9let Jegyeskurzus alkalmai&nbsp;2026. m\u00e1jus 29-30. \u00e9s j\u00fanius 5-6. napjain Veszpr\u00e9mben ker\u00fclnek megtart\u00e1sra. A r\u00e9szv\u00e9tel&hellip;<\/p>\n<p class=\"more-link-wrapper\"><a class=\"more-link\" href=\"https:\/\/jegyesvagyok.hu\/index.php\/2026\/03\/11\/jegyesoktatas-majusban-is-varunk\/\">Continue<\/a><\/p>\n","protected":false},"author":1,"featured_media":426,"comment_status":"open","ping_status":"closed","sticky":false,"template":"","format":"standard","meta":{"_exactmetrics_skip_tracking":false,"_exactmetrics_sitenote_active":false,"_exactmetrics_sitenote_note":"","_exactmetrics_sitenote_category":0,"footnotes":""},"categories":[1],"tags":[],"class_list":["post-427","post","type-post","status-publish","format-standard","has-post-thumbnail","hentry","category-egyeb"],"_links":{"self":[{"href":"https:\/\/jegyesvagyok.hu\/index.php\/wp-json\/wp\/v2\/posts\/427","targetHints":{"allow":["GET"]}}],"collection":[{"href":"https:\/\/jegyesvagyok.hu\/index.php\/wp-json\/wp\/v2\/posts"}],"about":[{"href":"https:\/\/jegyesvagyok.hu\/index.php\/wp-json\/wp\/v2\/types\/post"}],"author":[{"embeddable":true,"href":"https:\/\/jegyesvagyok.hu\/index.php\/wp-json\/wp\/v2\/users\/1"}],"replies":[{"embeddable":true,"href":"https:\/\/jegyesvagyok.hu\/index.php\/wp-json\/wp\/v2\/comments?post=427"}],"version-history":[{"count":2,"href":"https:\/\/jegyesvagyok.hu\/index.php\/wp-json\/wp\/v2\/posts\/427\/revisions"}],"predecessor-version":[{"id":429,"href":"https:\/\/jegyesvagyok.hu\/index.php\/wp-json\/wp\/v2\/posts\/427\/revisions\/429"}],"wp:featuredmedia":[{"embeddable":true,"href":"https:\/\/jegyesvagyok.hu\/index.php\/wp-json\/wp\/v2\/media\/426"}],"wp:attachment":[{"href":"https:\/\/jegyesvagyok.hu\/index.php\/wp-json\/wp\/v2\/media?parent=427"}],"wp:term":[{"taxonomy":"category","embeddable":true,"href":"https:\/\/jegyesvagyok.hu\/index.php\/wp-json\/wp\/v2\/categories?post=427"},{"taxonomy":"post_tag","embeddable":true,"href":"https:\/\/jegyesvagyok.hu\/index.php\/wp-json\/wp\/v2\/tags?post=427"}],"curies":[{"name":"wp","href":"https:\/\/api.w.org\/{rel}","templated":true}]}}